{"id":2420,"date":"2022-03-07T10:07:53","date_gmt":"2022-03-07T09:07:53","guid":{"rendered":"https:\/\/www.isba.fr\/actualites-isba-tp\/retour-en-images-ceremonie-diplomes-2019"},"modified":"2022-03-07T10:07:53","modified_gmt":"2022-03-07T09:07:53","slug":"retour-en-images-ceremonie-diplomes-2019","status":"publish","type":"post","link":"https:\/\/www.isba.fr\/en\/actualites-isba-tp\/retour-en-images-ceremonie-diplomes-2019","title":{"rendered":"Retour en images de la C\u00e9r\u00e9monie remise des dipl\u00f4mes 2019"},"content":{"rendered":"<p style=\"margin: 0cm; margin-bottom: .0001pt; line-height: 18.75pt;\"><span style=\"font-size: 13.5pt; font-family: 'cabinregular','serif'; color: #555555;\">Retrouvez ci-dessous un retour en images de la derni\u00e8re c\u00e9r\u00e9monie de remise de dipl\u00f4mes d\u2019ing\u00e9nieurs 2019 de l\u2019ISBA TP. Celle-ci avait lieu au sein du Palais de la Bourse, si\u00e8ge de <a href=\"http:\/\/www.ccimp.com\/\" target=\"_blank\" rel=\"noopener noreferrer\"><span style=\"color: #ee9a00;\">la CCI Marseille Provence<\/span><\/a>.<\/span><\/p>\n<p style=\"margin: 0cm; margin-bottom: .0001pt; line-height: 18.75pt; font-variant-ligatures: normal; font-variant-caps: normal; orphans: 2; text-align: start; widows: 2; -webkit-text-stroke-width: 0px; text-decoration-style: initial; text-decoration-color: initial; word-spacing: 0px;\"><span style=\"font-size: 13.5pt; font-family: 'cabinregular','serif'; color: #555555;\">Toute l\u2019\u00e9quipe de l\u2019ISBA TP&nbsp;tient, une nouvelle fois, \u00e0 f\u00e9liciter grandement tous ses&nbsp;<\/span><strong><span style=\"font-size: 13.5pt; font-family: 'cabinbold','serif'; color: #555555;\">\u00e9tudiants ing\u00e9nieurs BTP fra\u00eechement dipl\u00f4m\u00e9s <\/span><\/strong><span style=\"font-size: 13.5pt; font-family: 'cabinbold','serif'; color: #555555;\">en <a href=\"https:\/\/www.isba.fr\/formations-specialisation-btp\">sp\u00e9cialisation de g\u00e9nie civil<\/a><\/span><span style=\"font-size: 13.5pt; font-family: 'cabinregular','serif'; color: #555555;\">&nbsp;pour leur r\u00e9ussite \u00e0 l\u2019examen et leur souhaite<\/span><strong><span style=\"font-size: 13.5pt; font-family: 'cabinbold','serif'; color: #555555;\"> une excellente continuation dans leur parcours professionnel.<\/span><\/strong><\/p>\n<h2>C\u00e9r\u00e9monie de remise des dipl\u00f4mes 2019 : le retour en images<\/h2>\n<p><a href=\"http:\/\/www.isba.fr\/wp-content\/uploads\/2019\/12\/ceremonie-diplomes-2019-1.jpg\"><img loading=\"lazy\" decoding=\"async\" class=\"alignnone size-full wp-image-4364\" src=\"http:\/\/www.isba.fr\/wp-content\/uploads\/2019\/12\/ceremonie-diplomes-2019-1.jpg\" alt=\"Remise des dipl\u00f4mes 2019 de l'ISBA TP \u00e0 Marseille\" width=\"893\" height=\"595\"><\/a><\/p>\n<p style=\"text-align: center;\"><strong><em>Les dipl\u00f4m\u00e9s de la 66\u00e8me promotion de l\u2019ISBA TP<\/em><\/strong><\/p>\n<p><a href=\"http:\/\/www.isba.fr\/wp-content\/uploads\/2019\/12\/ceremonie-diplomes-2019-2.jpg\"><img loading=\"lazy\" decoding=\"async\" class=\"alignnone size-full wp-image-4365\" src=\"http:\/\/www.isba.fr\/wp-content\/uploads\/2019\/12\/ceremonie-diplomes-2019-2.jpg\" alt=\"Remise des dipl\u00f4mes 2019 de l'ISBA TP \u00e0 Marseille\" width=\"893\" height=\"596\"><\/a><\/p>\n<p style=\"text-align: center;\"><strong>Intervention de Mme Laurence Mick, Directrice appui au d\u00e9veloppement des comp\u00e9tences de la CCI Marseille Provence<\/strong><\/p>\n<p><a href=\"http:\/\/www.isba.fr\/wp-content\/uploads\/2019\/12\/ceremonie-diplomes-2019-9.jpg\"><img loading=\"lazy\" decoding=\"async\" class=\"alignnone wp-image-4382 size-full\" src=\"http:\/\/www.isba.fr\/wp-content\/uploads\/2019\/12\/ceremonie-diplomes-2019-9.jpg\" alt=\"Remise des dipl\u00f4mes 2019 de l'ISBA TP \u00e0 Marseille\" width=\"893\" height=\"596\"><\/a><\/p>\n<p style=\"text-align: center;\"><strong>Intervention de Mme Isabelle Rogoff, Directrice de l&#8217;ISBA TP accompagn\u00e9e de Mme V\u00e9ronique Thomas Directrice des \u00c9tudes<\/strong><\/p>\n<p><a href=\"http:\/\/www.isba.fr\/wp-content\/uploads\/2019\/12\/ceremonie-diplomes-2019-4.jpg\"><img loading=\"lazy\" decoding=\"async\" class=\"alignnone size-full wp-image-4367\" src=\"http:\/\/www.isba.fr\/wp-content\/uploads\/2019\/12\/ceremonie-diplomes-2019-4.jpg\" alt=\"Remise des dipl\u00f4mes 2019 de l'ISBA TP \u00e0 Marseille\" width=\"893\" height=\"596\"><\/a> <a href=\"http:\/\/www.isba.fr\/wp-content\/uploads\/2019\/12\/ceremonie-diplomes-2019-5.jpg\"><img loading=\"lazy\" decoding=\"async\" class=\"alignnone size-full wp-image-4368\" src=\"http:\/\/www.isba.fr\/wp-content\/uploads\/2019\/12\/ceremonie-diplomes-2019-5.jpg\" alt=\"Remise des dipl\u00f4mes 2019 de l'ISBA TP \u00e0 Marseille\" width=\"893\" height=\"595\"><\/a><br \/>\n<a href=\"http:\/\/www.isba.fr\/wp-content\/uploads\/2019\/12\/ceremonie-diplomes-2019-8.jpg\"><img loading=\"lazy\" decoding=\"async\" class=\"alignnone size-full wp-image-4381\" src=\"http:\/\/www.isba.fr\/wp-content\/uploads\/2019\/12\/ceremonie-diplomes-2019-8.jpg\" alt=\"Remise des dipl\u00f4mes 2019 de l'ISBA TP \u00e0 Marseille\" width=\"893\" height=\"595\"><\/a><\/p>\n<h2>Remerciements \u00e0 nos entreprises partenaires pour leur soutien indispensable<\/h2>\n<p>Toute l\u2019\u00e9quipe de l\u2019ISBA TP \u00e0 Marseille&nbsp;tient encore une fois \u00e0&nbsp;<strong>remercier vivement toutes nos entreprises partenaires<\/strong>&nbsp;qui permettent \u00e0 nos \u00e9l\u00e8ves ing\u00e9nieurs de prendre part \u00e0 <strong>des stages essentiels pour leur exp\u00e9rience professionnelle<\/strong> et de <strong>valider leur ann\u00e9e de formation de sp\u00e9cialisation BTP<\/strong>. Ce stage est d\u2019une importance capitale afin de <strong>confirmer les comp\u00e9tences acquises<\/strong> pendant la formation par l\u2019exp\u00e9rience terrain. C\u2019est un v\u00e9ritable <strong>gage de qualit\u00e9 pour notre formation de sp\u00e9cialisation d&#8217;ing\u00e9nieur BTP<\/strong> car ce temps en entreprise professionnalise le parcours de nos \u00e9tudiants ing\u00e9nieurs.<\/p>\n<p><strong>Chers partenaires, vous avez contribu\u00e9 largement \u00e0 la r\u00e9ussite de nos \u00e9tudiants<\/strong> et nous vous en remercions infiniment pour votre implication.<\/p>\n<p><a href=\"http:\/\/www.isba.fr\/wp-content\/uploads\/2019\/12\/ceremonie-diplomes-2019-6.jpg\"><img loading=\"lazy\" decoding=\"async\" class=\"alignnone size-full wp-image-4369\" src=\"http:\/\/www.isba.fr\/wp-content\/uploads\/2019\/12\/ceremonie-diplomes-2019-6.jpg\" alt=\"Remise des dipl\u00f4mes 2019 de l'ISBA TP \u00e0 Marseille\" width=\"893\" height=\"595\"><\/a> <a href=\"http:\/\/www.isba.fr\/wp-content\/uploads\/2019\/12\/ceremonie-diplomes-2019-7.jpg\"><img loading=\"lazy\" decoding=\"async\" class=\"alignnone size-full wp-image-4370\" src=\"http:\/\/www.isba.fr\/wp-content\/uploads\/2019\/12\/ceremonie-diplomes-2019-7.jpg\" alt=\"Remise des dipl\u00f4mes 2019 de l'ISBA TP \u00e0 Marseille\" width=\"893\" height=\"596\"><\/a><\/p>\n<p>&nbsp;<\/p>\n<hr>\n<p>&gt;&nbsp;<a href=\"https:\/\/www.facebook.com\/isbatp\/\" target=\"_blank\" rel=\"noopener noreferrer\">Suivez notre actualit\u00e9 sur Facebook<\/a>&nbsp;\/&nbsp;<a href=\"https:\/\/www.linkedin.com\/company\/isba-tp\/\" target=\"_blank\" rel=\"noopener noreferrer\">Linkedin&nbsp;<\/a>\/&nbsp;<a href=\"https:\/\/twitter.com\/IsbaTp\" target=\"_blank\" rel=\"noopener noreferrer\">Twitter<\/a><\/p>\n","protected":false},"excerpt":{"rendered":"<p>Retrouvez ci-dessous un retour en images de la derni\u00e8re c\u00e9r\u00e9monie de remise de dipl\u00f4mes d\u2019ing\u00e9nieurs 2019 de l\u2019ISBA TP. Celle-ci avait lieu au sein du Palais de la Bourse, si\u00e8ge de la CCI Marseille Provence. Toute l\u2019\u00e9quipe de l\u2019ISBA TP&nbsp;tient, une nouvelle fois, \u00e0 f\u00e9liciter grandement tous ses&nbsp;\u00e9tudiants ing\u00e9nieurs BTP fra\u00eechement dipl\u00f4m\u00e9s en sp\u00e9cialisation de [&hellip;]<\/p>\n","protected":false},"author":1,"featured_media":2257,"comment_status":"open","ping_status":"closed","sticky":false,"template":"","format":"standard","meta":{"_acf_changed":false,"_uag_custom_page_level_css":"","footnotes":""},"categories":[14],"tags":[],"class_list":["post-2420","post","type-post","status-publish","format-standard","has-post-thumbnail","hentry","category-uncategorized"],"acf":[],"uagb_featured_image_src":{"full":["https:\/\/www.isba.fr\/wp-content\/uploads\/2020\/11\/actu-retour-images-remise-diplome-2019.jpg",846,506,false],"thumbnail":["https:\/\/www.isba.fr\/wp-content\/uploads\/2020\/11\/actu-retour-images-remise-diplome-2019-150x150.jpg",150,150,true],"medium":["https:\/\/www.isba.fr\/wp-content\/uploads\/2020\/11\/actu-retour-images-remise-diplome-2019-300x179.jpg",300,179,true],"medium_large":["https:\/\/www.isba.fr\/wp-content\/uploads\/2020\/11\/actu-retour-images-remise-diplome-2019-768x459.jpg",768,459,true],"large":["https:\/\/www.isba.fr\/wp-content\/uploads\/2020\/11\/actu-retour-images-remise-diplome-2019.jpg",846,506,false],"1536x1536":["https:\/\/www.isba.fr\/wp-content\/uploads\/2020\/11\/actu-retour-images-remise-diplome-2019.jpg",846,506,false],"2048x2048":["https:\/\/www.isba.fr\/wp-content\/uploads\/2020\/11\/actu-retour-images-remise-diplome-2019.jpg",846,506,false],"gform-image-choice-sm":["https:\/\/www.isba.fr\/wp-content\/uploads\/2020\/11\/actu-retour-images-remise-diplome-2019.jpg",300,179,false],"gform-image-choice-md":["https:\/\/www.isba.fr\/wp-content\/uploads\/2020\/11\/actu-retour-images-remise-diplome-2019.jpg",400,239,false],"gform-image-choice-lg":["https:\/\/www.isba.fr\/wp-content\/uploads\/2020\/11\/actu-retour-images-remise-diplome-2019.jpg",600,359,false]},"uagb_author_info":{"display_name":"gdsn","author_link":"https:\/\/www.isba.fr\/en\/author\/gdsn"},"uagb_comment_info":0,"uagb_excerpt":"Retrouvez ci-dessous un retour en images de la derni\u00e8re c\u00e9r\u00e9monie de remise de dipl\u00f4mes d\u2019ing\u00e9nieurs 2019 de l\u2019ISBA TP. Celle-ci avait lieu au sein du Palais de la Bourse, si\u00e8ge de la CCI Marseille Provence. Toute l\u2019\u00e9quipe de l\u2019ISBA TP&nbsp;tient, une nouvelle fois, \u00e0 f\u00e9liciter grandement tous ses&nbsp;\u00e9tudiants ing\u00e9nieurs BTP fra\u00eechement dipl\u00f4m\u00e9s en sp\u00e9cialisation de&hellip;","_links":{"self":[{"href":"https:\/\/www.isba.fr\/en\/wp-json\/wp\/v2\/posts\/2420","targetHints":{"allow":["GET"]}}],"collection":[{"href":"https:\/\/www.isba.fr\/en\/wp-json\/wp\/v2\/posts"}],"about":[{"href":"https:\/\/www.isba.fr\/en\/wp-json\/wp\/v2\/types\/post"}],"author":[{"embeddable":true,"href":"https:\/\/www.isba.fr\/en\/wp-json\/wp\/v2\/users\/1"}],"replies":[{"embeddable":true,"href":"https:\/\/www.isba.fr\/en\/wp-json\/wp\/v2\/comments?post=2420"}],"version-history":[{"count":0,"href":"https:\/\/www.isba.fr\/en\/wp-json\/wp\/v2\/posts\/2420\/revisions"}],"wp:featuredmedia":[{"embeddable":true,"href":"https:\/\/www.isba.fr\/en\/wp-json\/wp\/v2\/media\/2257"}],"wp:attachment":[{"href":"https:\/\/www.isba.fr\/en\/wp-json\/wp\/v2\/media?parent=2420"}],"wp:term":[{"taxonomy":"category","embeddable":true,"href":"https:\/\/www.isba.fr\/en\/wp-json\/wp\/v2\/categories?post=2420"},{"taxonomy":"post_tag","embeddable":true,"href":"https:\/\/www.isba.fr\/en\/wp-json\/wp\/v2\/tags?post=2420"}],"curies":[{"name":"wp","href":"https:\/\/api.w.org\/{rel}","templated":true}]}}